{"id":35,"count":1,"description":"","link":"https:\/\/tv10kobanya.hu\/en\/tag\/kinai-ujevi-fesztival\/","name":"K\u00ednai \u00daj\u00e9vi Fesztiv\u00e1l","slug":"kinai-ujevi-fesztival","taxonomy":"post_tag","meta":[],"_links":{"self":[{"href":"https:\/\/tv10kobanya.hu\/en\/wp-json\/wp\/v2\/tags\/35","targetHints":{"allow":["GET"]}}],"collection":[{"href":"https:\/\/tv10kobanya.hu\/en\/wp-json\/wp\/v2\/tags"}],"about":[{"href":"https:\/\/tv10kobanya.hu\/en\/wp-json\/wp\/v2\/taxonomies\/post_tag"}],"wp:post_type":[{"href":"https:\/\/tv10kobanya.hu\/en\/wp-json\/wp\/v2\/posts?tags=35"}],"curies":[{"name":"wp","href":"https:\/\/api.w.org\/{rel}","templated":true}]}}